{"id":114099,"date":"2026-09-01T07:59:23","date_gmt":"2026-09-01T07:59:23","guid":{"rendered":"https:\/\/thinkingfadura.eus\/?p=114099"},"modified":"2026-09-01T08:01:04","modified_gmt":"2026-09-01T08:01:04","slug":"getxo-kirolak-saca-a-licitacion-el-proyecto-de-un-nuevo-pabellon-de-pistas-de-padel-y-de-tenis-en-fadura","status":"publish","type":"post","link":"https:\/\/thinkingfadura.eus\/es\/getxo-kirolak-saca-a-licitacion-el-proyecto-de-un-nuevo-pabellon-de-pistas-de-padel-y-de-tenis-en-fadura\/","title":{"rendered":"Getxo Kirolak saca a licitaci\u00f3n el proyecto de un nuevo pabell\u00f3n de pistas de p\u00e1del y de tenis en Fadura"},"content":{"rendered":"<p><\/p>\n<h5><span class=\"s4\">La propuesta, elaborada de manera participativa a trav\u00e9s del proceso Thinking Fadura,<\/span><span class=\"s4\"> deber\u00e1 incluir al menos 13 pistas de p\u00e1del y 4 de tenis.<\/span><\/h5>\n<p class=\"s7\"><span class=\"s5\">Getxo Kirolak ha sacado a licitaci<\/span><span class=\"s5\">\u00f3n la redacci\u00f3n del proyecto<\/span><span class=\"s5\"> para un nuevo pabell\u00f3n cubierto <\/span><span class=\"s5\">de<\/span><span class=\"s5\"> pistas de p\u00e1del y de tenis en el polideportivo de Fadura. El encargo de este estudio preliminar nace del proceso participativo Thi<\/span><span class=\"s5\">nking Fadura y responde a la alta demanda de personas usu<\/span><span class=\"s5\">arias practicantes<\/span> <span class=\"s5\">de <\/span><span class=\"s5\">p\u00e1del tanto en los cursos municipales como por su cuenta.<\/span><span class=\"s5\"> El nuevo pabell\u00f3n se construir\u00e1 en el espacio que actualmente ocupan las pistas descubiertas de tenis, una zona de<\/span><span class=\"s5\"> una superficie aproximada<\/span> <span class=\"s5\">de 19.500 metros cuadrados<\/span><span class=\"s5\">situada junto al edi<\/span><span class=\"s5\">ficio que <\/span><span class=\"s5\">alberga 6 pistas de tenis cubiertas. <\/span><\/p>\n<p class=\"s7\"><span class=\"s5\">Tal y como se recoge en el programa de necesidades del proyecto, el nuevo pabell\u00f3n deber\u00e1 contar con un m\u00ednimo de 13 pistas de p\u00e1de<\/span><span class=\"s5\">l y otras 4 de tenis. As\u00ed, las propuestas<\/span><span class=\"s5\"> que se presenten tendr\u00e1n que respetar estos requerimientos b\u00e1sicos y analizar posibles mejoras, como la posibilidad de incluir en alguna de sus pistas gradas m\u00f3viles o ampliar el n\u00famero de pistas de p\u00e1del si fuera posible. Asimismo, el pabell\u00f3n deber\u00e1 incluir un espacio abierto para realizar ejercicios de calentamiento, aseos, vestuarios individuales y colectivos, zona de almac\u00e9n y una peque\u00f1a oficina para la atenci\u00f3n al p\u00fablico. <\/span><\/p>\n<p class=\"s7\"><span class=\"s5\">Una vez que este nuevo<\/span><span class=\"s5\"> pabell\u00f3n<\/span><span class=\"s5\"> sea una realidad, la intenci\u00f3n de Getx<\/span><span class=\"s5\">o Kirolak es centralizar en \u00e9l toda la actividad de p\u00e1del que actualmente se ofrece en el edificio de frontones y afrontar la reforma integral de \u00e9ste. <\/span><\/p>\n<p class=\"s7\"><span class=\"s5\">Las empresas interesadas en la redacci\u00f3n del anteproyecto, el proyecto b\u00e1sico y el de ejecuci\u00f3n de este nuevo equipamiento dispondr\u00e1n de 25 d\u00edas para <\/span><span class=\"s5\">su presentaci\u00f3n<\/span><span class=\"s5\"> y el presupuesto para este trabajo es de 176.000\u20ac.<\/span><\/p>\n<p><\/p>","protected":false},"excerpt":{"rendered":"<p>La propuesta, elaborada de manera participativa a trav\u00e9s del proceso Thinking Fadura, deber\u00e1 incluir al menos 13 pistas de p\u00e1del y 4 de tenis. Getxo Kirolak ha sacado a licitaci\u00f3n la redacci\u00f3n del proyecto para un nuevo pabell\u00f3n cubierto de pistas de p\u00e1del y de tenis en el polideportivo de Fadura. El encargo de este [&hellip;]<\/p>\n","protected":false},"author":1,"featured_media":114100,"comment_status":"open","ping_status":"open","sticky":false,"template":"","format":"standard","meta":{"_exactmetrics_skip_tracking":false,"_exactmetrics_sitenote_active":false,"_exactmetrics_sitenote_note":"","_exactmetrics_sitenote_category":0,"footnotes":""},"categories":[85],"tags":[],"class_list":["post-114099","post","type-post","status-publish","format-standard","has-post-thumbnail","hentry","category-3-fasea"],"_links":{"self":[{"href":"https:\/\/thinkingfadura.eus\/es\/wp-json\/wp\/v2\/posts\/114099","targetHints":{"allow":["GET"]}}],"collection":[{"href":"https:\/\/thinkingfadura.eus\/es\/wp-json\/wp\/v2\/posts"}],"about":[{"href":"https:\/\/thinkingfadura.eus\/es\/wp-json\/wp\/v2\/types\/post"}],"author":[{"embeddable":true,"href":"https:\/\/thinkingfadura.eus\/es\/wp-json\/wp\/v2\/users\/1"}],"replies":[{"embeddable":true,"href":"https:\/\/thinkingfadura.eus\/es\/wp-json\/wp\/v2\/comments?post=114099"}],"version-history":[{"count":5,"href":"https:\/\/thinkingfadura.eus\/es\/wp-json\/wp\/v2\/posts\/114099\/revisions"}],"predecessor-version":[{"id":114105,"href":"https:\/\/thinkingfadura.eus\/es\/wp-json\/wp\/v2\/posts\/114099\/revisions\/114105"}],"wp:featuredmedia":[{"embeddable":true,"href":"https:\/\/thinkingfadura.eus\/es\/wp-json\/wp\/v2\/media\/114100"}],"wp:attachment":[{"href":"https:\/\/thinkingfadura.eus\/es\/wp-json\/wp\/v2\/media?parent=114099"}],"wp:term":[{"taxonomy":"category","embeddable":true,"href":"https:\/\/thinkingfadura.eus\/es\/wp-json\/wp\/v2\/categories?post=114099"},{"taxonomy":"post_tag","embeddable":true,"href":"https:\/\/thinkingfadura.eus\/es\/wp-json\/wp\/v2\/tags?post=114099"}],"curies":[{"name":"wp","href":"https:\/\/api.w.org\/{rel}","templated":true}]}}