{"id":90765,"date":"2018-01-17T09:21:47","date_gmt":"2018-01-17T09:21:47","guid":{"rendered":"http:\/\/thinkingfadura.eus\/?p=90765"},"modified":"2019-11-26T19:50:39","modified_gmt":"2019-11-26T19:50:39","slug":"fadura-un-parque-que-impacta-en-la-salud","status":"publish","type":"post","link":"http:\/\/thinkingfadura.eus\/es\/fadura-un-parque-que-impacta-en-la-salud\/","title":{"rendered":"Fadura, un parque que impacta en la salud"},"content":{"rendered":"<p><span style=\"font-weight: 400;\"><strong>Karitte Alegr\u00eda<\/strong> es la\u00a0<\/span><span style=\"font-weight: 400;\">Coordinadora de proyectos deportivos vinculados a la salud y el bienestar en Getxo Kirolak. Le corresponde a ella dar el enfoque de un parque saludable desde el punto de vista t\u00e9cnico.\u00a0<\/span><\/p>\n<p><strong>En el dise\u00f1o del <a href=\"http:\/\/thinkingfadura.eus\/es\/pero-para-que-vale-un-parque\/\">nuevo parque deportivo<\/a> de Fadura, el enfoque a la salud debe estar asegurado.<\/strong><\/p>\n<p>Las razones no son las que pueden parecer a simple vista, es decir, ser un parque destinado a menesteres deportivos no es suficiente para ser un porque saludable, aunque, sin duda, esto ayuda, y mucho.<\/p>\n<p>Actualmente, sabemos que cualquier redise\u00f1o urban\u00edstico tiene una incidencia clave en la salud, principalmente si entendemos la salud en su sentido m\u00e1s amplio como \u00abun estado de completo bienestar f\u00edsico, mental y social, y no solamente la ausencia de enfermedad o dolencia\u00bb (Constituci\u00f3n de 1946 de la OMS).<\/p>\n<p>La salud, por tanto, no depende solo de cada persona, de su herencia gen\u00e9tica y de sus h\u00e1bitos personales, sino que viene determinada, en gran medida, por sus condiciones sociales.La Organizaci\u00f3n Mundial de la Salud ha llamado a estas condiciones \u201cfactores determinantes sociales de la salud\u201d.<\/p>\n<p>Tal y como se recoge en el Cuaderno de Trabajo N\u00ba 17 de Udalsarea: Salud y Desarrollo Urbano Sostenible (1): \u201clos determinantes sociales de la salud se definen como las condiciones sociales en las que las personas nacen, viven y se relacionan, condiciones en las que transcurre la vida y que impactan sobre la salud de las personas y\/o de la comunidad\u201d. Estos pueden ser el lugar donde vivimos, el nivel educativo, las relaciones sociales, el tipo de trabajo que desempe\u00f1amos, el nivel de ingresos, el acceso a los servicios, las pol\u00edticas econ\u00f3micas, culturales y medioambientales, entre otros.<\/p>\n<p>En el mismo documento se recoge que la contribuci\u00f3n a la salud del sistema sanitario es de un 25%, mientras que el ambiente social y econ\u00f3mico en que las personas viven y trabajan contribuye aproximadamente un 50%. Por tanto, el peso relativo que ejercen en la salud los determinantes es mucho mayor que el peso del propio sistema sanitario.<\/p>\n<p><img loading=\"lazy\" class=\"alignnone size-full wp-image-90770\" src=\"http:\/\/thinkingfadura.eus\/wp-content\/uploads\/2018\/01\/figura1.png\" alt=\"\" width=\"591\" height=\"471\" srcset=\"http:\/\/thinkingfadura.eus\/wp-content\/uploads\/2018\/01\/figura1.png 591w, http:\/\/thinkingfadura.eus\/wp-content\/uploads\/2018\/01\/figura1-400x319.png 400w\" sizes=\"(max-width: 591px) 100vw, 591px\" \/><\/p>\n<p>El lugar en el que vivimos determina claramente nuestra salud. Las ciudades y pueblos se encuentran mediatizados por el urbanismo que puede limitar o favorecer el contacto entre las personas, la forma de desplazarnos y, en definitiva, que un lugar sea o no saludable.<\/p>\n<p>La revisi\u00f3n estrat\u00e9gica de las desigualdades en salud en Inglaterra, llevada a cabo por la Oficina Regional para Europa de la Organizaci\u00f3n Mundial de la Salud, evidenci\u00f3 la relaci\u00f3n entre ordenaci\u00f3n del territorio, entorno construido, salud y desigualdades en salud. La revisi\u00f3n demostr\u00f3 que la planificaci\u00f3n urban\u00edstica tiene influencia en la alimentaci\u00f3n, la actividad f\u00edsica, la vivienda, el empleo, el transporte y las conexiones urbanas, los espacios p\u00fablicos abiertos, la infraestructura social, la cohesi\u00f3n y conectividad social, el medioambiente, etc. y, todos ellos, influyen en la salud.<\/p>\n<p>La Revisi\u00f3n Marmot tambi\u00e9n ha facilitado el desarrollo y adaptaci\u00f3n de herramientas que analizan los impactos en la salud que tienen los proyectos el urban\u00edsticos con el fin de introducir modificaciones en los mismos o plantear alternativas que maximicen los efectos positivos en la salud y eliminen o mitiguen los negativos. En concreto, recomienda tres l\u00edneas principales de acci\u00f3n para asegurar que el entorno construido promueve la salud y reduce las desigualdades de la poblaci\u00f3n a nivel local:<\/p>\n<p style=\"padding-left: 30px;\"><strong>L\u00ednea 1:<\/strong> Priorizar pol\u00edticas e intervenciones que reduzcan las desigualdades en salud y mitiguen el cambio clim\u00e1tico a trav\u00e9s de fomentar los desplazamientos activos, mejorar la calidad de los espacios \u00abverdes\u00bb y abiertos, mejorar la calidad de los alimentos a nivel local y la eficiencia energ\u00e9tica de las infraestructuras.<br \/>\n<strong>L\u00ednea 2:<\/strong> Integrar plenamente la planificaci\u00f3n, el transporte, la vivienda, el medio ambiente y los sistemas de salud para el abordaje de los determinantes sociales de la salud.<br \/>\n<strong>L\u00ednea 3:<\/strong> Desarrollar programas locales y actuaciones basadas en evidencias que favorezcan la creaci\u00f3n de redes sociales y la participaci\u00f3n y acci\u00f3n de la comunidad.<\/p>\n<p>Por primera vez en la historia, m\u00e1s del 50% de la poblaci\u00f3n mundial vive en zonas urbanas, y para 2050 seremos el 70% de la poblaci\u00f3n mundial. La rapidez y la magnitud del proceso de urbanizaci\u00f3n conlleva enormes desaf\u00edos como, por ejemplo, desarrollar sistemas de transporte bien conectados y otro tipo de infraestructura, servicios b\u00e1sicos, empleos y soluciones para cambio clim\u00e1tico.<\/p>\n<p><img loading=\"lazy\" class=\"alignnone size-full wp-image-90771\" src=\"http:\/\/thinkingfadura.eus\/wp-content\/uploads\/2018\/01\/figura2.png\" alt=\"\" width=\"779\" height=\"390\" srcset=\"http:\/\/thinkingfadura.eus\/wp-content\/uploads\/2018\/01\/figura2.png 779w, http:\/\/thinkingfadura.eus\/wp-content\/uploads\/2018\/01\/figura2-400x200.png 400w, http:\/\/thinkingfadura.eus\/wp-content\/uploads\/2018\/01\/figura2-768x384.png 768w\" sizes=\"(max-width: 779px) 100vw, 779px\" \/><\/p>\n<p>La regeneraci\u00f3n de Fadura es una oportunidad para hacer frente a muchos de estos retos a nivel local. Si queremos lograrlo, debemos ser capaces de conseguir un alto nivel de coordinaci\u00f3n y <a href=\"http:\/\/thinkingfadura.eus\/es\/la-participacion-como-herramienta-para-pensar-colectivamente-el-nuevo-fadura\/\">participaci\u00f3n ciudadana<\/a>.<\/p>\n<p>Tal y como refieren en <a href=\"https:\/\/www1.diba.cat\/uliep\/pdf\/57586.pdf\">Ciudades Colaborativas: Ciudades m\u00e1s humanas y sostenibles<\/a>: \u201cSi el objetivo \u00faltimo de las ciudades es asegurar el progreso sostenible y hacer que la ciudadan\u00eda sea feliz y las personas se sientan realizadas, tienen que adoptar y desarrollar herramientas que aprovechen sus habilidades y conocimientos. Para ello, es necesario redefinir las ciudades inteligentes como ciudades inteligentes centradas en las personas. Que la ciudad sea \u00abinteligente\u00bb es, sin duda, necesario pero no resulta suficiente\u201d.<\/p>\n<p>El cient\u00edfico humanista Carlos Moreno sosten\u00eda recientemente en una conferencia que \u00abel siglo XIX fue de los imperios, el siglo XX de los estados y \u00e9ste ser\u00e1 de las ciudades\u00bb. Pero no precisamente de las ciudades que conocemos y habitamos hoy, sino de las que seamos capaces de replantear, redise\u00f1ar y reconstruir.<\/p>\n<p>\u00abLograr que las ciudades y los asentamientos humanos sean <a href=\"http:\/\/thinkingfadura.eus\/es\/kategoria\/inklusiboa\/\">inclusivos<\/a>, seguros, resilientes y sostenibles\u00bb es uno de los<a href=\"https:\/\/elpais.com\/especiales\/2015\/planeta-futuro\/objetivos-desarrollo-sostenible\/\"> Objetivos de Desarrollo Sostenible de la ONU.<\/a><\/p>\n<p><strong>Y lograr que Fadura sea un parque saludable debe ser un objetivo a lograr con la participaci\u00f3n de toda la ciudadan\u00eda de Getxo.<\/strong><\/p>","protected":false},"excerpt":{"rendered":"<p>Karitte Alegr\u00eda es la\u00a0Coordinadora de proyectos deportivos vinculados a la salud y el bienestar en Getxo Kirolak. Le corresponde a ella dar el enfoque de un parque saludable desde el punto de vista t\u00e9cnico.\u00a0 En el dise\u00f1o del nuevo parque deportivo de Fadura, el enfoque a la salud debe estar asegurado. Las razones no son [&hellip;]<\/p>\n","protected":false},"author":1,"featured_media":90826,"comment_status":"open","ping_status":"closed","sticky":false,"template":"","format":"standard","meta":{"_exactmetrics_skip_tracking":false,"_exactmetrics_sitenote_active":false,"_exactmetrics_sitenote_note":"","_exactmetrics_sitenote_category":0},"categories":[84],"tags":[50,52,22,49,51],"_links":{"self":[{"href":"http:\/\/thinkingfadura.eus\/es\/wp-json\/wp\/v2\/posts\/90765"}],"collection":[{"href":"http:\/\/thinkingfadura.eus\/es\/wp-json\/wp\/v2\/posts"}],"about":[{"href":"http:\/\/thinkingfadura.eus\/es\/wp-json\/wp\/v2\/types\/post"}],"author":[{"embeddable":true,"href":"http:\/\/thinkingfadura.eus\/es\/wp-json\/wp\/v2\/users\/1"}],"replies":[{"embeddable":true,"href":"http:\/\/thinkingfadura.eus\/es\/wp-json\/wp\/v2\/comments?post=90765"}],"version-history":[{"count":0,"href":"http:\/\/thinkingfadura.eus\/es\/wp-json\/wp\/v2\/posts\/90765\/revisions"}],"wp:featuredmedia":[{"embeddable":true,"href":"http:\/\/thinkingfadura.eus\/es\/wp-json\/wp\/v2\/media\/90826"}],"wp:attachment":[{"href":"http:\/\/thinkingfadura.eus\/es\/wp-json\/wp\/v2\/media?parent=90765"}],"wp:term":[{"taxonomy":"category","embeddable":true,"href":"http:\/\/thinkingfadura.eus\/es\/wp-json\/wp\/v2\/categories?post=90765"},{"taxonomy":"post_tag","embeddable":true,"href":"http:\/\/thinkingfadura.eus\/es\/wp-json\/wp\/v2\/tags?post=90765"}],"curies":[{"name":"wp","href":"https:\/\/api.w.org\/{rel}","templated":true}]}}