{"id":113939,"date":"2025-10-27T12:49:33","date_gmt":"2025-10-27T12:49:33","guid":{"rendered":"http:\/\/thinkingfadura.eus\/?p=113939"},"modified":"2026-04-07T08:57:57","modified_gmt":"2026-04-07T08:57:57","slug":"getxo-kirolak-presenta-thinking-fadura-en-el-congreso-de-innovacion-publica-novagob-2025","status":"publish","type":"post","link":"http:\/\/thinkingfadura.eus\/es\/getxo-kirolak-presenta-thinking-fadura-en-el-congreso-de-innovacion-publica-novagob-2025\/","title":{"rendered":"Getxo Kirolak presenta Thinking Fadura en el Congreso de Innovaci\u00f3n P\u00fablica Novagob 2025"},"content":{"rendered":"<p><img loading=\"lazy\" class=\"alignnone size-full wp-image-113948\" src=\"http:\/\/thinkingfadura.eus\/wp-content\/uploads\/2025\/10\/IMAGE-2025-10-28-163426.jpg\" alt=\"\" width=\"1280\" height=\"720\" srcset=\"http:\/\/thinkingfadura.eus\/wp-content\/uploads\/2025\/10\/IMAGE-2025-10-28-163426.jpg 1280w, http:\/\/thinkingfadura.eus\/wp-content\/uploads\/2025\/10\/IMAGE-2025-10-28-163426-400x225.jpg 400w, http:\/\/thinkingfadura.eus\/wp-content\/uploads\/2025\/10\/IMAGE-2025-10-28-163426-850x478.jpg 850w, http:\/\/thinkingfadura.eus\/wp-content\/uploads\/2025\/10\/IMAGE-2025-10-28-163426-768x432.jpg 768w, http:\/\/thinkingfadura.eus\/wp-content\/uploads\/2025\/10\/IMAGE-2025-10-28-163426-830x467.jpg 830w, http:\/\/thinkingfadura.eus\/wp-content\/uploads\/2025\/10\/IMAGE-2025-10-28-163426-230x129.jpg 230w, http:\/\/thinkingfadura.eus\/wp-content\/uploads\/2025\/10\/IMAGE-2025-10-28-163426-350x197.jpg 350w, http:\/\/thinkingfadura.eus\/wp-content\/uploads\/2025\/10\/IMAGE-2025-10-28-163426-480x270.jpg 480w\" sizes=\"(max-width: 1280px) 100vw, 1280px\" \/><\/p>\n<p><span style=\"font-weight: 400;\">Getxo Kirolak particip\u00f3 ayer, en Barcelona, en el Congreso de Innovaci\u00f3n P\u00fablica Novagob 2025, el mayor encuentro sobre innovaci\u00f3n en la Administraci\u00f3n P\u00fablica en el \u00e1mbito espa\u00f1ol y latinoamericano, en el que participaron alrededor de 1.000 profesionales del sector p\u00fablico para conocer y debatir experiencias relacionadas con las siguientes tem\u00e1ticas: innovaci\u00f3n, transformaci\u00f3n digital e Inteligencia Artificial, talento de las personas en el sector p\u00fablico, administraci\u00f3n f\u00e1cil, buen gobierno y administraci\u00f3n robusta.<\/span><\/p>\n<p><span style=\"font-weight: 400;\">R<\/span><span style=\"font-weight: 400;\">epresentantes de Getxo Kirolak, junto a personal t\u00e9cnico e investigador en participaci\u00f3n ciudadana de Castell\u00f3n, Zaragoza y Estados Unidos, participaron en la mesa redonda \u201cInvolucrando a la ciudadan\u00eda en la Gobernanza P\u00fablica\u201d, donde presentaron el proyecto Thinking Fadura. El concejal de Deportes, \u00c1lvaro Gonz\u00e1lez, destac\u00f3 \u201cel hecho de que Thinking Fadura haya sido elegido como uno de los proyectos de referencia para hablar de innovaci\u00f3n p\u00fablica y de buen gobierno en un foro de tanto prestigio como el que organiza Novagob. Fue, adem\u00e1s, una buena oportunidad para que el equipo t\u00e9cnico de Getxo Kirolak compartiese experiencias con otras instituciones de referencia para despu\u00e9s incorporar al proceso que en unos a\u00f1os va a mejorar notablemente las instalaciones deportivas del parque de Fadura\u201d.<\/span><\/p>\n<p><span style=\"font-weight: 400;\">Este proyecto comenz\u00f3 a dise\u00f1arse en 2018 y, hasta el momento, han participado en \u00e9l m\u00e1s de 2.000 personas y se han recogido otras tantas aportaciones. Ya se pueden ver los primeros resultados con el cerramiento de la mayor parte de las zonas deportivas y la construcci\u00f3n del centro social TikiToki Zentroa. Pr\u00f3ximamente est\u00e1 previsto que den comienzo nuevas obras de calado que permitir\u00e1n tanto a las entidades deportivas como a las personas abonadas disfrutar de unos equipamientos totalmente renovados y, a su vez, ofrecer\u00e1n a la ciudadan\u00eda un nuevo parque de acceso libre.<\/span><\/p>\n<p><span style=\"font-weight: 400;\">Tambi\u00e9n ayer, representantes de Getxolan, junto a participantes de los ayuntamientos de A Coru\u00f1a, Barcelona, y Las Palmas de Gran Canaria, participaron en la mesa redonda \u201cInnovaci\u00f3n azul: experiencias en ciudades costeras\u201d. En dicho foro presentaron la apuesta y estrategia de Getxo por el impulso de la industria del mar y el deslizamiento, junto a una especializaci\u00f3n decidida hacia sectores de la econom\u00eda azul.<\/span><\/p>","protected":false},"excerpt":{"rendered":"<p>Getxo Kirolak particip\u00f3 ayer, en Barcelona, en el Congreso de Innovaci\u00f3n P\u00fablica Novagob 2025, el mayor encuentro sobre innovaci\u00f3n en la Administraci\u00f3n P\u00fablica en el \u00e1mbito espa\u00f1ol y latinoamericano, en el que participaron alrededor de 1.000 profesionales del sector p\u00fablico para conocer y debatir experiencias relacionadas con las siguientes tem\u00e1ticas: innovaci\u00f3n, transformaci\u00f3n digital e Inteligencia [&hellip;]<\/p>\n","protected":false},"author":1,"featured_media":113948,"comment_status":"open","ping_status":"open","sticky":false,"template":"","format":"standard","meta":{"_exactmetrics_skip_tracking":false,"_exactmetrics_sitenote_active":false,"_exactmetrics_sitenote_note":"","_exactmetrics_sitenote_category":0},"categories":[121],"tags":[],"_links":{"self":[{"href":"http:\/\/thinkingfadura.eus\/es\/wp-json\/wp\/v2\/posts\/113939"}],"collection":[{"href":"http:\/\/thinkingfadura.eus\/es\/wp-json\/wp\/v2\/posts"}],"about":[{"href":"http:\/\/thinkingfadura.eus\/es\/wp-json\/wp\/v2\/types\/post"}],"author":[{"embeddable":true,"href":"http:\/\/thinkingfadura.eus\/es\/wp-json\/wp\/v2\/users\/1"}],"replies":[{"embeddable":true,"href":"http:\/\/thinkingfadura.eus\/es\/wp-json\/wp\/v2\/comments?post=113939"}],"version-history":[{"count":11,"href":"http:\/\/thinkingfadura.eus\/es\/wp-json\/wp\/v2\/posts\/113939\/revisions"}],"predecessor-version":[{"id":113952,"href":"http:\/\/thinkingfadura.eus\/es\/wp-json\/wp\/v2\/posts\/113939\/revisions\/113952"}],"wp:featuredmedia":[{"embeddable":true,"href":"http:\/\/thinkingfadura.eus\/es\/wp-json\/wp\/v2\/media\/113948"}],"wp:attachment":[{"href":"http:\/\/thinkingfadura.eus\/es\/wp-json\/wp\/v2\/media?parent=113939"}],"wp:term":[{"taxonomy":"category","embeddable":true,"href":"http:\/\/thinkingfadura.eus\/es\/wp-json\/wp\/v2\/categories?post=113939"},{"taxonomy":"post_tag","embeddable":true,"href":"http:\/\/thinkingfadura.eus\/es\/wp-json\/wp\/v2\/tags?post=113939"}],"curies":[{"name":"wp","href":"https:\/\/api.w.org\/{rel}","templated":true}]}}