{"id":113683,"date":"2024-07-26T07:07:33","date_gmt":"2024-07-26T07:07:33","guid":{"rendered":"http:\/\/thinkingfadura.eus\/?p=113683"},"modified":"2024-10-25T11:44:51","modified_gmt":"2024-10-25T11:44:51","slug":"getxo-kirolak-estrena-una-guia-de-senaletica-mas-accesible-e-inclusiva-para-aplicar-al-parque-y-las-instalaciones-deportivas","status":"publish","type":"post","link":"http:\/\/thinkingfadura.eus\/es\/getxo-kirolak-estrena-una-guia-de-senaletica-mas-accesible-e-inclusiva-para-aplicar-al-parque-y-las-instalaciones-deportivas\/","title":{"rendered":"Getxo Kirolak estrena una gu\u00eda de se\u00f1al\u00e9tica m\u00e1s accesible e inclusiva para aplicar al parque y las instalaciones deportivas"},"content":{"rendered":"<p>Las intervenciones que se est\u00e1n realizando en el marco del proyecto <em>thinking Fadura<\/em> requieren directrices espec\u00edficas para un sistema de se\u00f1alizaci\u00f3n que garantice la orientaci\u00f3n aut\u00f3noma de las personas en los espacios, as\u00ed como una comprensi\u00f3n general del entorno para facilitar la movilidad fluida por el parque y las instalaciones deportivas de Fadura, as\u00ed como en los polideportivos de Andra Mari y Gobela.<\/p>\n<p>Para dar respuesta a esta necesidad Getxo Kirolak ha elaborado un <a href=\"http:\/\/thinkingfadura.eus\/es\/emaitzak\/#jarraibideak\" target=\"_blank\" rel=\"noopener\">manual de se\u00f1al\u00e9tica<\/a> en varias fases, cada una de ellas esencial para asegurar un resultado final que cumpla con los principios generales de accesibilidad universal, inclusi\u00f3n y sostenibilidad: (I) accesibilidad: garantizar que toda persona comprenda la informaci\u00f3n, usando lenguaje claro y formatos gr\u00e1ficos diversos; (II) inclusi\u00f3n: respetar todas las identidades, usando iconograf\u00eda universal y simbolog\u00eda neutra; (III) sostenibilidad: utilizar materiales duraderos y sostenibles, alineados con el compromiso medioambiental de Getxo, y promoviendo la econom\u00eda circular.<\/p>\n<p>La primera fase del proyecto consisti\u00f3 en realizar un <strong>inventario de la se\u00f1al\u00e9tica existente<\/strong> en las instalaciones de Getxo Kirolak. Adem\u00e1s, se recopil\u00f3 informaci\u00f3n sobre las <strong>normativas de se\u00f1alizaci\u00f3n para edificios p\u00fablicos<\/strong> y se llev\u00f3 a cabo un <strong>Focus Group para contrastar el dise\u00f1o <\/strong>propuesto, principalmente de los pictogramas. A partir de las sugerencias recogidas en este grupo, en el que participaron personas usuarias de las instalaciones, de edades muy diversas, se pudo matizar la propuesta de dise\u00f1o. Todos los pictogramas se han concebido desde una mirada universal con la intenci\u00f3n de que perduren en el tiempo y se adapten a cualquier contexto.<\/p>\n<p>El manual de se\u00f1al\u00e9tica, resultado de este trabajo, se vertebra en <strong>tres \u00e1reas principales<\/strong>: elementos comunes b\u00e1sicos como la tipograf\u00eda, la pol\u00edtica ling\u00fc\u00edstica, los s\u00edmbolos, los colores y su integraci\u00f3n con la marca corporativa, la arquitectura, as\u00ed como los materiales propuestos para el desarrollo de los soportes; directrices espec\u00edficas para se\u00f1alizar los elementos de los espacios interiores; y directrices espec\u00edficas para los elementos dispuestos en el exterior.<\/p>\n<p>Una vez completado el manual, el proyecto <strong>avanza hacia la fase de prototipado<\/strong>. A finales de este mismo a\u00f1o, se llevar\u00e1 a cabo una actuaci\u00f3n para prototipar la gu\u00eda en los <strong>vestuarios del edificio principal de Fadura <\/strong>que, tras un periodo de observaci\u00f3n, se extrapolar\u00e1 al resto de polideportivos municipales.<\/p>\n<p>Getxo Kirolak ha desarrollado un sistema propio de se\u00f1al\u00e9tica, extrapolable a otros contextos o administraciones, que busca facilitar la orientaci\u00f3n y movilidad en el parque deportivo de Fadura y en sus instalaciones. <strong>Con la implementaci\u00f3n progresiva de este sistema, Getxo Kirolak da un paso significativo hacia un entorno m\u00e1s accesible y equitativo para todas las personas.<\/strong><\/p>\n<p>&nbsp;<\/p>\n<p>&nbsp;<\/p>","protected":false},"excerpt":{"rendered":"<p>Las intervenciones que se est\u00e1n realizando en el marco del proyecto thinking Fadura requieren directrices espec\u00edficas para un sistema de se\u00f1alizaci\u00f3n que garantice la orientaci\u00f3n aut\u00f3noma de las personas en los espacios, as\u00ed como una comprensi\u00f3n general del entorno para facilitar la movilidad fluida por el parque y las instalaciones deportivas de Fadura, as\u00ed como [&hellip;]<\/p>\n","protected":false},"author":1,"featured_media":113690,"comment_status":"open","ping_status":"open","sticky":false,"template":"","format":"standard","meta":{"_exactmetrics_skip_tracking":false,"_exactmetrics_sitenote_active":false,"_exactmetrics_sitenote_note":"","_exactmetrics_sitenote_category":0},"categories":[85],"tags":[],"_links":{"self":[{"href":"http:\/\/thinkingfadura.eus\/es\/wp-json\/wp\/v2\/posts\/113683"}],"collection":[{"href":"http:\/\/thinkingfadura.eus\/es\/wp-json\/wp\/v2\/posts"}],"about":[{"href":"http:\/\/thinkingfadura.eus\/es\/wp-json\/wp\/v2\/types\/post"}],"author":[{"embeddable":true,"href":"http:\/\/thinkingfadura.eus\/es\/wp-json\/wp\/v2\/users\/1"}],"replies":[{"embeddable":true,"href":"http:\/\/thinkingfadura.eus\/es\/wp-json\/wp\/v2\/comments?post=113683"}],"version-history":[{"count":7,"href":"http:\/\/thinkingfadura.eus\/es\/wp-json\/wp\/v2\/posts\/113683\/revisions"}],"predecessor-version":[{"id":113783,"href":"http:\/\/thinkingfadura.eus\/es\/wp-json\/wp\/v2\/posts\/113683\/revisions\/113783"}],"wp:featuredmedia":[{"embeddable":true,"href":"http:\/\/thinkingfadura.eus\/es\/wp-json\/wp\/v2\/media\/113690"}],"wp:attachment":[{"href":"http:\/\/thinkingfadura.eus\/es\/wp-json\/wp\/v2\/media?parent=113683"}],"wp:term":[{"taxonomy":"category","embeddable":true,"href":"http:\/\/thinkingfadura.eus\/es\/wp-json\/wp\/v2\/categories?post=113683"},{"taxonomy":"post_tag","embeddable":true,"href":"http:\/\/thinkingfadura.eus\/es\/wp-json\/wp\/v2\/tags?post=113683"}],"curies":[{"name":"wp","href":"https:\/\/api.w.org\/{rel}","templated":true}]}}