{"id":111069,"date":"2018-10-31T11:51:37","date_gmt":"2018-10-31T11:51:37","guid":{"rendered":"http:\/\/thinkingfadura.eus\/?p=111069"},"modified":"2019-12-20T05:05:20","modified_gmt":"2019-12-20T05:05:20","slug":"la-convivencia-en-el-nuevo-parque-deportivo-abierto-y-seguro","status":"publish","type":"post","link":"http:\/\/thinkingfadura.eus\/es\/la-convivencia-en-el-nuevo-parque-deportivo-abierto-y-seguro\/","title":{"rendered":"La convivencia en el nuevo parque deportivo, abierto y seguro"},"content":{"rendered":"<p>Hace unos d\u00edas, organizamos una mesa redonda para abordar la seguridad en el nuevo parque deportivo, una de las cuestiones que m\u00e1s inter\u00e9s ha suscitado dentro del proceso participativo <em>thinking Fadura<\/em>.<br \/>\nEl prop\u00f3sito de esta mesa, moderada por <a href=\"https:\/\/www.komunikatik.com\" target=\"_blank\" rel=\"noopener\">Asier Amezaga,\u00a0<\/a>del equipo<em> thinking Fadura,<\/em>\u00a0era contrastar las principales claves en relaci\u00f3n a la <strong>seguridad y el acceso a Fadura<\/strong> con personas expertas y desde distintas \u00f3pticas. Como punto de partida, Sorne Esturo, responsable de proyectos de arquitectura de Getxo Kirolak, dio la bienvenida y record\u00f3 que las actuaciones acometidas por la Agencia Vasca del Agua (URA) para acondicionar el cauce del r\u00edo suponen cambios importantes en el complejo deportivo y, por lo tanto, una oportunidad \u00fanica para repensar y mejorar toda la zona y continuar impulsando la actividad deportiva, la calidad de vida y la adquisici\u00f3n de h\u00e1bitos saludables en Getxo. \u201cPensar en un parque abierto y seguro no es una paradoja\u201d, continu\u00f3 Sorne; \u201cen la actualidad, podemos disponer de sistemas eficaces para poder disfrutar del espacio con seguridad pero sin perder libertad. M\u00e1s a\u00fan, hay muchas experiencias similares a la nuestra en otros lugares en las que se observa que un espacio abierto, habitado y cuidado por todos y todas, es la mejor garant\u00eda para que sea seguro\u201d.<\/p>\n<h3>Habitar el espacio<\/h3>\n<p><a href=\"https:\/\/economiaenchandal.com\/author\/juanmamurua\/\" target=\"_blank\" rel=\"noopener\">JuanMa Murua<\/a>, economista y consultor en el \u00e1mbito de la gesti\u00f3n de ciudades y territorios y especialista en pol\u00edticas deportivas, centr\u00f3 su presentaci\u00f3n en introducir tres teor\u00edas relevantes para entender c\u00f3mo la seguridad percibida es un factor clave a la hora de ubicar equipamientos deportivos en el espacio p\u00fablico:<\/p>\n<ul>\n<li><strong>La teor\u00eda de las ventanas rotas<\/strong> (Wilson y Kelling, 1982) y la importancia de un buen mantenimiento de estos espacios para evitar que los mismos deriven en entornos inseguros.<\/li>\n<li><strong>La teor\u00eda del espacio defendible<\/strong> (Newman, 1972), que nos lleva a pensar en las bondades de la segregaci\u00f3n y diferenciaci\u00f3n espacial para que las personas se identifiquen con esos espacios y cuiden de ellos.<\/li>\n<li><strong>La teor\u00eda de los ojos de la calle<\/strong> (Jacobs, 1961), que remarca la importancia de que exista una comunidad, y cierto dinamismo social, para dotar a los espacios p\u00fablicos de seguridad.<\/li>\n<\/ul>\n<p>\u201cEl espacio p\u00fablico es conflictivo por naturaleza porque en \u00e9l conviven muy diferentes intereses; debemos tener confianza en el dise\u00f1o de espacios abiertos y en la autoresoluci\u00f3n de muchos de los conflictos que se generaran\u201d, afirm\u00f3 JuanMa. En este sentido, dio a conocer la experiencia de Nueva York, donde est\u00e1n redise\u00f1ando parques que estaban cerrados para convertirlos en espacios abiertos donde exista una mayor convivencia entre las personas; o el caso de Alcal\u00e1 de Henares, donde han reemplazado las placas que indicaban \u201cprohibido jugar\u201d por otras que dicen \u201cjuega respetando\u201d. Este v\u00eddeo resume de forma muy breve la presentaci\u00f3n:<br \/>\n<center><iframe loading=\"lazy\" src=\"https:\/\/www.youtube.com\/embed\/3Li5Lvj0a0Y\" width=\"560\" height=\"315\" frameborder=\"0\" allowfullscreen=\"allowfullscreen\"><\/iframe><\/center><\/p>\n<h3>Seguridad integral<\/h3>\n<p><a href=\"https:\/\/rklintegral.com\/\" target=\"_blank\" rel=\"noopener\">Jose Mar\u00eda Sanz<\/a>, desarrollador de proyectos de seguridad integral y protecci\u00f3n en RKL, y miembro del equipo que est\u00e1 dise\u00f1ando el Plan Director de seguridad del futuro parque deportivo, present\u00f3 las l\u00edneas maestras del sistema de seguridad que se est\u00e1 dise\u00f1ando para dar respuesta a posible accidentes, as\u00ed como para la protecci\u00f3n de actos antisociales en el nuevo parque. En opini\u00f3n del experto, hay que tener en cuenta la seguridad y protecci\u00f3n desde el propio dise\u00f1o, tal y como se est\u00e1 haciendo en el caso del parque deportivo de Fadura.<br \/>\nLa seguridad integral para el nuevo parque combina soluciones que atienden a las personas que deben operar en estos sistemas, los procedimientos que deben ser dise\u00f1ados para ser lo m\u00e1s efectivos y eficientes posible, y la tecnolog\u00eda que, actualmente, facilita unas prestaciones nunca vistas y que debemos aprovechar.<br \/>\nLa propuesta de seguridad se basa en tres c\u00edrculos. El primero de ellos tiene que ver con la seguridad de per\u00edmetro que va a atender los flujos de personas y veh\u00edculos, y que estar\u00e1 dotado de medidas de videovigilancia, geolocalizaci\u00f3n, megafon\u00eda o control de veh\u00edculos, entre otras. El segundo c\u00edrculo de seguridad se centrar\u00e1 en las instalaciones e infraestructuras deportivas con medidas de detecci\u00f3n y evacuaci\u00f3n de incendios, control de accesos, control de aforos, interfon\u00eda, etc\u00e9tera. Por \u00faltimo, el tercer c\u00edrculo de seguridad pone el foco en las infraestructuras cr\u00edticas, como son los cuadros el\u00e9ctricos o las instalaciones inform\u00e1ticas. La gesti\u00f3n y coordinaci\u00f3n de todas estas medidas y sistemas, tanto humanos como procedimentales y tecn\u00f3logoicos, es la clave para generar un espacio que sea y se perciba como seguro.<br \/>\n<img loading=\"lazy\" class=\"aligncenter size-large wp-image-111085\" src=\"http:\/\/thinkingfadura.eus\/wp-content\/uploads\/2018\/10\/seguridad-thinking-fadura-850x477.png\" alt=\"seguridad thinking fadura\" width=\"850\" height=\"477\" srcset=\"http:\/\/thinkingfadura.eus\/wp-content\/uploads\/2018\/10\/seguridad-thinking-fadura-850x477.png 850w, http:\/\/thinkingfadura.eus\/wp-content\/uploads\/2018\/10\/seguridad-thinking-fadura-400x225.png 400w, http:\/\/thinkingfadura.eus\/wp-content\/uploads\/2018\/10\/seguridad-thinking-fadura-768x431.png 768w, http:\/\/thinkingfadura.eus\/wp-content\/uploads\/2018\/10\/seguridad-thinking-fadura-830x466.png 830w, http:\/\/thinkingfadura.eus\/wp-content\/uploads\/2018\/10\/seguridad-thinking-fadura-230x129.png 230w, http:\/\/thinkingfadura.eus\/wp-content\/uploads\/2018\/10\/seguridad-thinking-fadura-350x197.png 350w, http:\/\/thinkingfadura.eus\/wp-content\/uploads\/2018\/10\/seguridad-thinking-fadura-480x270.png 480w, http:\/\/thinkingfadura.eus\/wp-content\/uploads\/2018\/10\/seguridad-thinking-fadura.png 1031w\" sizes=\"(max-width: 850px) 100vw, 850px\" \/><\/p>\n<h3>Arquitectura y seguridad<\/h3>\n<p>Para <a href=\"http:\/\/www.oneka.net\/es\/index.php\" target=\"_blank\" rel=\"noopener\">Nerea Sarasola<\/a>, que forma parte del equipo de arquitectura de <em>thinkingFadura<\/em>, \u201cla preocupaci\u00f3n por la seguridad es algo que se ha manifestado a lo largo de todo el proceso participativo. El escenario que baraja el equipo de arquitectura pasa obligatoriamente por aplicar medidas inteligentes que permitan limitar sin segmentar y sin restar libertad, medidas que sumen y no que resten. Todo esto sin que las diferentes instalaciones deportivas se conviertan en islas independientes&#8221;.<br \/>\nPara Jon Laurenz, tambi\u00e9n del equipo <em>thinking Fadura<\/em>, el reto consiste, desde el punto de vista urban\u00edstico y de arquitectura, en poner de manifiesto la importancia del parque fluvial en di\u00e1logo permanente con las infraestructuras deportivas y con la salud, un aspecto central en la transformaci\u00f3n de Fadura.<\/p>\n<h3>Aprender a convivir<\/h3>\n<p>Las opiniones de las personas expertas dieron lugar a intervenciones del p\u00fablico asistente que plante\u00f3 cuestiones relevantes como, por ejemplo, las posibilidades reales de transformar un espacio cerrado, como el actual, en un espacio donde se eliminen las barreras f\u00edsicas perimetrales, que impiden el acceso al parque, y recuperar el espacio para el disfrute de todas las personas.<br \/>\n<strong>Existe un punto clave que guarda relaci\u00f3n directa con la seguridad del parque, que es el de la convivencia en espacios y actividades o entre personas abonadas, clubes y vecinos y vecinas de Getxo. La apuesta por un parque seguro implica medidas te\u0107nicas y arquitect\u00f3nicas pero, sobre todo, implica habitar, dotar de vida y actividad al espacio. En este sentido, es pertinente reflexionar sobre la utilizaci\u00f3n privativa que, en ocasiones, algunas personas y entidades hacemos de Fadura. Para comenzar el debate sobre esta clave, te invitamos a responder a la siguiente pregunta \u00bfQu\u00e9 acciones se te ocurren para mejorar la convivencia en Fadura?<\/strong><\/p>","protected":false},"excerpt":{"rendered":"<p>Hace unos d\u00edas, organizamos una mesa redonda para abordar la seguridad en el nuevo parque deportivo, una de las cuestiones que m\u00e1s inter\u00e9s ha suscitado dentro del proceso participativo thinking Fadura. El prop\u00f3sito de esta mesa, moderada por Asier Amezaga,\u00a0del equipo thinking Fadura,\u00a0era contrastar las principales claves en relaci\u00f3n a la seguridad y el acceso [&hellip;]<\/p>\n","protected":false},"author":1,"featured_media":111075,"comment_status":"open","ping_status":"open","sticky":false,"template":"","format":"standard","meta":{"_exactmetrics_skip_tracking":false,"_exactmetrics_sitenote_active":false,"_exactmetrics_sitenote_note":"","_exactmetrics_sitenote_category":0},"categories":[86],"tags":[93,55,18],"_links":{"self":[{"href":"http:\/\/thinkingfadura.eus\/es\/wp-json\/wp\/v2\/posts\/111069"}],"collection":[{"href":"http:\/\/thinkingfadura.eus\/es\/wp-json\/wp\/v2\/posts"}],"about":[{"href":"http:\/\/thinkingfadura.eus\/es\/wp-json\/wp\/v2\/types\/post"}],"author":[{"embeddable":true,"href":"http:\/\/thinkingfadura.eus\/es\/wp-json\/wp\/v2\/users\/1"}],"replies":[{"embeddable":true,"href":"http:\/\/thinkingfadura.eus\/es\/wp-json\/wp\/v2\/comments?post=111069"}],"version-history":[{"count":1,"href":"http:\/\/thinkingfadura.eus\/es\/wp-json\/wp\/v2\/posts\/111069\/revisions"}],"predecessor-version":[{"id":111999,"href":"http:\/\/thinkingfadura.eus\/es\/wp-json\/wp\/v2\/posts\/111069\/revisions\/111999"}],"wp:featuredmedia":[{"embeddable":true,"href":"http:\/\/thinkingfadura.eus\/es\/wp-json\/wp\/v2\/media\/111075"}],"wp:attachment":[{"href":"http:\/\/thinkingfadura.eus\/es\/wp-json\/wp\/v2\/media?parent=111069"}],"wp:term":[{"taxonomy":"category","embeddable":true,"href":"http:\/\/thinkingfadura.eus\/es\/wp-json\/wp\/v2\/categories?post=111069"},{"taxonomy":"post_tag","embeddable":true,"href":"http:\/\/thinkingfadura.eus\/es\/wp-json\/wp\/v2\/tags?post=111069"}],"curies":[{"name":"wp","href":"https:\/\/api.w.org\/{rel}","templated":true}]}}