{"id":110750,"date":"2018-04-27T07:10:37","date_gmt":"2018-04-27T07:10:37","guid":{"rendered":"http:\/\/thinkingfadura.eus\/?p=110750"},"modified":"2019-12-20T05:14:33","modified_gmt":"2019-12-20T05:14:33","slug":"thinking-faduran-parte-hartzerako-hiru-ardatzak","status":"publish","type":"post","link":"http:\/\/thinkingfadura.eus\/es\/thinking-faduran-parte-hartzerako-hiru-ardatzak\/","title":{"rendered":"Un triple eje para la participaci\u00f3n en thinking Fadura"},"content":{"rendered":"<p>El 19 de abril es una fecha importante, es el d\u00eda en el que arranca el proceso participativo <i>thinking Fadura<\/i>, un d\u00eda en el que desde Getxo Kirolak se invita a la ciudadan\u00eda de Getxo a la primera charla informativa donde se presenta el itinerario para el dise\u00f1o de un nuevo parque deportivo ajustado a las necesidades, oportunidades y demandas actuales.<br \/>\nAlrededor de 100 personas se acercaron al sal\u00f3n de actos de Fadura para informarse sobre el proceso y resolver posibles dudas en cuanto a formas de participaci\u00f3n, tipo de invitaci\u00f3n, l\u00edmites del proceso, etc\u00e9tera. Las personas que asistieron a la sesi\u00f3n se encontraron una exposici\u00f3n en el <i>hall<\/i> de Fadura, un mural dise\u00f1ado en vinilo que recoge las ocho claves fundamentales para facilitar un proceso participativo que permita el desarrollo de propuestas ajustadas y debates provechosos. La exposici\u00f3n, abierta al p\u00fablico, explica las conclusiones del diagn\u00f3stico realizado en 2017 sobre las posibilidades de los espacios de Fadura, actividad y uso, entorno e infraestructuras, movilidad y accesibilidad, contexto medioambiental, diversidad social, contexto socioecon\u00f3mico y seguridad.<br \/>\nEl encuentro comienza con la bienvenida de \u00c1lvaro Gonz\u00e1lez, presidente de Getxo Kirolak, recordando que \u201cel objetivo de este proceso es dise\u00f1ar un nuevo parque en el que convivan las instalaciones para la pr\u00e1ctica deportiva de las personas abonadas de Getxo Kirolak junto con un parque de libre acceso. Para afrontar este reto, la colaboraci\u00f3n de la ciudadan\u00eda es clave\u201d.<br \/>\nA continuaci\u00f3n, el equipo t\u00e9cnico de<i> thinking Fadura<\/i> realiza un recorrido sobre el contexto, la oportunidad, los objetivos, las fases y el marco de actuaci\u00f3n, poniendo especial atenci\u00f3n en los valores esenciales que se persiguen en el nuevo parque deportivo: que sea abierto, accesible, saludable, sostenible, inclusivo e innovador.<br \/>\nAl mismo tiempo, se explican los espacios sobre los que participar, as\u00ed como el <b>triple eje<\/b> que articula los contenidos de la participaci\u00f3n: el gran potencial del parque deportivo como <b>centro deportivo y de ocio<\/b>, as\u00ed como de la promoci\u00f3n de la salud, bienestar y esparcimiento; el gran potencial <b>ecol\u00f3gico y medio ambiental<\/b> del parque; y el gran potencial del parque para el impulso al <b>desarrollo local econ\u00f3mico<\/b> en torno a las tecnolog\u00edas y empresas del deporte, bienestar y cambio clim\u00e1tico.<br \/>\nA continuaci\u00f3n, tuvimos la oportunidad de conocer una serie de referencias de otros lugares, proyectos inspiradores que contribuyan a una reflexi\u00f3n colectiva en torno al triple eje de contenidos. En el siguiente documento, puedes ver un repertorio de proyectos de referencia:<br \/>\n<iframe loading=\"lazy\" src=\"\/\/www.slideshare.net\/slideshow\/embed_code\/key\/BqKexFh2EyG5O7\" width=\"100%\"  height=\"485\" frameborder=\"0\" marginwidth=\"0\" marginheight=\"0\" scrolling=\"no\" style=\"border:1px solid #CCC; border-width:1px; margin-bottom:5px; max-width: 100%;\" allowfullscreen> <\/iframe> <\/p>\n<div style=\"margin-bottom:5px\">\nEl evento finaliz\u00f3 con una ronda de preguntas aclaratorias y una llamada a la participaci\u00f3n de la ciudadan\u00eda de la mano de Imanol Landa, alcalde de Getxo: \u201canimamos a las personas abonadas de Getxo Kirolak, a los clubes y asociaciones deportivas, a los centros escolares y a la ciudadan\u00eda en general a participar en <em>thinking Fadura<\/em>, un trabajo en com\u00fan que dar\u00e1 forma al Fadura del futuro\u201d.<br \/>\n<b>\u00a1Ya estamos en marcha! El pr\u00f3ximo 3 de mayo, a las 19.00h, se llevar\u00e1 a cabo la primera sesi\u00f3n participativa dirigida a personas abonadas y participantes de los cursillos de Getxo Kirolak. Si eres una de estas personas, inscr\u00edbete pinchando en este bot\u00f3n.<\/a><b>.<\/b><br \/>\n<center><a class=\"roll-button button-slider\" href=\"https:\/\/partehartu.thinkingfadura.eus\/es\/abonados\/\">Inscr\u00edbete en la sesi\u00f3n de personas abonadas<\/a><\/center><\/p>","protected":false},"excerpt":{"rendered":"<p>El 19 de abril es una fecha importante, es el d\u00eda en el que arranca el proceso participativo thinking Fadura, un d\u00eda en el que desde Getxo Kirolak se invita a la ciudadan\u00eda de Getxo a la primera charla informativa donde se presenta el itinerario para el dise\u00f1o de un nuevo parque deportivo ajustado a [&hellip;]<\/p>\n","protected":false},"author":1,"featured_media":110751,"comment_status":"open","ping_status":"open","sticky":false,"template":"","format":"standard","meta":{"_exactmetrics_skip_tracking":false,"_exactmetrics_sitenote_active":false,"_exactmetrics_sitenote_note":"","_exactmetrics_sitenote_category":0},"categories":[86],"tags":[93,96,58,90,44,97,92],"_links":{"self":[{"href":"http:\/\/thinkingfadura.eus\/es\/wp-json\/wp\/v2\/posts\/110750"}],"collection":[{"href":"http:\/\/thinkingfadura.eus\/es\/wp-json\/wp\/v2\/posts"}],"about":[{"href":"http:\/\/thinkingfadura.eus\/es\/wp-json\/wp\/v2\/types\/post"}],"author":[{"embeddable":true,"href":"http:\/\/thinkingfadura.eus\/es\/wp-json\/wp\/v2\/users\/1"}],"replies":[{"embeddable":true,"href":"http:\/\/thinkingfadura.eus\/es\/wp-json\/wp\/v2\/comments?post=110750"}],"version-history":[{"count":1,"href":"http:\/\/thinkingfadura.eus\/es\/wp-json\/wp\/v2\/posts\/110750\/revisions"}],"predecessor-version":[{"id":112009,"href":"http:\/\/thinkingfadura.eus\/es\/wp-json\/wp\/v2\/posts\/110750\/revisions\/112009"}],"wp:featuredmedia":[{"embeddable":true,"href":"http:\/\/thinkingfadura.eus\/es\/wp-json\/wp\/v2\/media\/110751"}],"wp:attachment":[{"href":"http:\/\/thinkingfadura.eus\/es\/wp-json\/wp\/v2\/media?parent=110750"}],"wp:term":[{"taxonomy":"category","embeddable":true,"href":"http:\/\/thinkingfadura.eus\/es\/wp-json\/wp\/v2\/categories?post=110750"},{"taxonomy":"post_tag","embeddable":true,"href":"http:\/\/thinkingfadura.eus\/es\/wp-json\/wp\/v2\/tags?post=110750"}],"curies":[{"name":"wp","href":"https:\/\/api.w.org\/{rel}","templated":true}]}}