{"id":110454,"date":"2018-04-12T11:40:06","date_gmt":"2018-04-12T11:40:06","guid":{"rendered":"http:\/\/thinkingfadura.eus\/?p=110454"},"modified":"2019-11-26T19:48:42","modified_gmt":"2019-11-26T19:48:42","slug":"getxo-kirolak-pone-en-marcha-la-segunda-fase-del-proceso-participativo-para-el-diseno-del-parque-deportivo-de-fadura","status":"publish","type":"post","link":"http:\/\/thinkingfadura.eus\/es\/getxo-kirolak-pone-en-marcha-la-segunda-fase-del-proceso-participativo-para-el-diseno-del-parque-deportivo-de-fadura\/","title":{"rendered":"Getxo Kirolak pone en marcha la segunda fase del proceso participativo para el dise\u00f1o del parque deportivo de Fadura"},"content":{"rendered":"<p>&nbsp;<\/p>\n<p><span style=\"font-weight: 400;\">Getxo Kirolak pone en marcha la segunda fase de <em>thinking Fadura<\/em>, el proceso de participaci\u00f3n ciudadana para dise\u00f1ar y transformar las instalaciones deportivas de Fadura en un nuevo espacio p\u00fablico donde convivan un parque de libre acceso y las instalaciones para la pr\u00e1ctica deportiva de las personas abonadas de Getxo Kirolak.\u00a0<\/span><span style=\"font-weight: 400;\">Esta segunda fase comenzar\u00e1 el pr\u00f3ximo jueves, <b>19 de abril<\/b>, a las 19.30 h, en el Sal\u00f3n de Actos de Fadura, <\/span><span style=\"font-weight: 400;\">con una sesi\u00f3n de apertura con car\u00e1cter informativa y abierta a todas las personas interesadas en participar o conocer el proceso. <\/span><\/p>\n<p>Con el objetivo de alcanzar a la mayor cantidad y diversidad de personas en el proceso participativo,\u00a0 <em>thinking Fadura<\/em> habilita dos grandes canales para la participaci\u00f3n:\u00a0<strong>asistencia presencial a sesiones de trabajo<\/strong>\u00a0y\u00a0<strong>acceso a la plataforma digital.<\/strong><\/p>\n<p><span style=\"font-weight: 400;\">As\u00ed, durante 2018, Getxo Kirolak organizar\u00e1 encuentros, talleres y conversaciones con la ciudadan\u00eda y con grupos espec\u00edficos: personas abonadas de Getxo Kirolak, clubes y asociaciones deportivas, comunidad escolar, j\u00f3venes y personas expertas. El proceso prestar\u00e1 especial atenci\u00f3n a la participaci\u00f3n de colectivos habitualmente menos representados en el deporte, y estar\u00e1n presentes las perspectivas de g\u00e9nero, interculturalidad y diversidad funcional. Asimismo, se tendr\u00e1 en cuenta el potencial del sector deportivo y del \u00e1mbito del bienestar como generador de econom\u00eda. <\/span><\/p>\n<p><span style=\"font-weight: 400;\">El itinerario de participaci\u00f3n del <a href=\"http:\/\/thinkingfadura.eus\/proceso\/\">proceso<\/a> recorrer\u00e1 los siguientes ciclos:<\/span><\/p>\n<p><img loading=\"lazy\" class=\"aligncenter wp-image-110302 size-full\" src=\"http:\/\/thinkingfadura.eus\/wp-content\/uploads\/2017\/04\/FASE02_CAS.png\" alt=\"thinking Fadura fase 2\" width=\"1530\" height=\"600\" srcset=\"http:\/\/thinkingfadura.eus\/wp-content\/uploads\/2017\/04\/FASE02_CAS.png 1530w, http:\/\/thinkingfadura.eus\/wp-content\/uploads\/2017\/04\/FASE02_CAS-400x157.png 400w, http:\/\/thinkingfadura.eus\/wp-content\/uploads\/2017\/04\/FASE02_CAS-768x301.png 768w, http:\/\/thinkingfadura.eus\/wp-content\/uploads\/2017\/04\/FASE02_CAS-850x333.png 850w, http:\/\/thinkingfadura.eus\/wp-content\/uploads\/2017\/04\/FASE02_CAS-830x325.png 830w, http:\/\/thinkingfadura.eus\/wp-content\/uploads\/2017\/04\/FASE02_CAS-230x90.png 230w, http:\/\/thinkingfadura.eus\/wp-content\/uploads\/2017\/04\/FASE02_CAS-350x137.png 350w, http:\/\/thinkingfadura.eus\/wp-content\/uploads\/2017\/04\/FASE02_CAS-480x188.png 480w\" sizes=\"(max-width: 1530px) 100vw, 1530px\" \/><\/p>\n<h3>\u00a0<b>1. Detectar necesidades y oportunidades<\/b><\/h3>\n<p><span style=\"font-weight: 400;\">Desde el <strong>20 de abril<\/strong> comenzar\u00e1 a estar operativa la plataforma digital que permitir\u00e1 la participaci\u00f3n <em>online<\/em> a toda la ciudadan\u00eda de Getxo para recabar informaci\u00f3n y detectar necesidades y oportunidades. De forma paralela, entre los meses<\/span> <strong>de mayo a junio<\/strong><span style=\"font-weight: 400;\">, se inicia una serie de sesiones de escucha con los distintos grupos para detectar necesidades y oportunidades a partir de las claves recogidas en el diagn\u00f3stico realizado en la primera fase de <em>thinking Fadura<\/em>.<\/span><\/p>\n<p><span style=\"font-weight: 400;\">El calendario de estas sesiones presenciales, que se desarrollar\u00e1n en el <strong>Txikigune de Fadura<\/strong>, de 19:00h a 20:30h, es el siguiente:<\/span><\/p>\n<ul>\n<li style=\"font-weight: 400;\"><span style=\"font-weight: 400;\">3 de mayo. Personas abonadas. <\/span><\/li>\n<li style=\"font-weight: 400;\"><span style=\"font-weight: 400;\">17 de mayo. Clubes y asociaciones. <\/span><\/li>\n<li style=\"font-weight: 400;\"><span style=\"font-weight: 400;\">7 de junio. Ciudadan\u00eda. <\/span><\/li>\n<li style=\"font-weight: 400;\"><span style=\"font-weight: 400;\">21 de junio. Otras miradas espec\u00edficas y necesarias (perspectiva de g\u00e9nero, multiculturalidad, discapacidad, etc\u00e9tera). <\/span><\/li>\n<li style=\"font-weight: 400;\"><span style=\"font-weight: 400;\">28 de junio. Juventud.<\/span><\/li>\n<\/ul>\n<p><b>Si quieres tomar parte en alguno de estos encuentros env\u00edanos un mensaje a\u00a0<a href=\"thinkingfadura@getxo.eus\">thinkingfadura@getxo.eus<\/a>.<\/b><\/p>\n<h3><b>2. Recogida de propuestas <\/b><\/h3>\n<p><span style=\"font-weight: 400;\">A partir del mes de <\/span><b>agosto<\/b><span style=\"font-weight: 400;\"> y hasta<\/span><b> septiembre<\/b><span style=\"font-weight: 400;\"> se inicia el periodo de recogida de propuestas. En primer lugar, en<\/span><b> agosto<\/b><span style=\"font-weight: 400;\"> se procede a la apertura de la plataforma digital para la recepci\u00f3n de ideas por este canal. Y <\/span><b>el 20 de septiembre<\/b><span style=\"font-weight: 400;\">, se realizar\u00e1 una sesi\u00f3n conjunta con los distintos grupos y personas participantes para contrastar la informaci\u00f3n recopilada en la fase de escucha y recoger sus propuestas para el dise\u00f1o del nuevo parque de Fadura. <\/span><\/p>\n<h3><b>3. Evaluaci\u00f3n y devoluci\u00f3n de resultados<\/b><\/h3>\n<p><span style=\"font-weight: 400;\">El <\/span><b>18 de octubre,<\/b><span style=\"font-weight: 400;\"> en el ecuador de los trabajos t\u00e9cnicos, se llevar\u00e1 a cabo una sesi\u00f3n informativa intermedia para el contraste y evaluaci\u00f3n de los resultados del proceso participativo.<\/span><\/p>\n<p><span style=\"font-weight: 400;\">Tras realizar las modificaciones oportunas, <\/span><b>el 22 de noviembre<\/b><span style=\"font-weight: 400;\">, se llevar\u00e1 a cabo una \u00faltima sesi\u00f3n de devoluci\u00f3n del proceso participativo y del anteproyecto de ordenaci\u00f3n paisaj\u00edstica y urbana -resultado de las reflexiones y aportaciones realizadas por la ciudadan\u00eda del municipio de Getxo- que guiar\u00e1 la transformaci\u00f3n del nuevo parque deportivo de Fadura.<\/span><\/p>\n<h3><\/h3>\n<h3><strong>Exposici\u00f3n en Fadura<\/strong><\/h3>\n<p><span style=\"font-weight: 400;\">Durante la primera fase, se llev\u00f3 a cabo un completo diagn\u00f3stico de los aspectos fundamentales sobre el parque de Fadura que se abordar\u00e1n estos pr\u00f3ximos meses.\u00a0<\/span><strong>A partir del d\u00eda 19 de abril el hall del edificio de piscinas de Fadura acoger\u00e1 una exposici\u00f3n que resumir\u00e1 el trabajo realizado hasta la fecha y las l\u00edneas principales del proyecto que se trabajar\u00e1n en el proceso participativo que arranca ahora.<\/strong><\/p>\n<p><span style=\"font-weight: 400;\">Por \u00faltimo, cabe recordar que, adem\u00e1s de los foros presenciales, <em>thinking Fadura<\/em>\u00a0tambi\u00e9n tiene presencia en el \u00e1mbito digital, desde donde se puede participar y seguir el proceso a trav\u00e9s de esta p\u00e1gina web y en las redes sociales con la etiqueta #thinkingFadura.<\/span><\/p>","protected":false},"excerpt":{"rendered":"<p>&nbsp; Getxo Kirolak pone en marcha la segunda fase de thinking Fadura, el proceso de participaci\u00f3n ciudadana para dise\u00f1ar y transformar las instalaciones deportivas de Fadura en un nuevo espacio p\u00fablico donde convivan un parque de libre acceso y las instalaciones para la pr\u00e1ctica deportiva de las personas abonadas de Getxo Kirolak.\u00a0Esta segunda fase comenzar\u00e1 [&hellip;]<\/p>\n","protected":false},"author":2,"featured_media":110516,"comment_status":"open","ping_status":"open","sticky":false,"template":"","format":"standard","meta":{"_exactmetrics_skip_tracking":false,"_exactmetrics_sitenote_active":false,"_exactmetrics_sitenote_note":"","_exactmetrics_sitenote_category":0},"categories":[86],"tags":[93,96,58,90,50,97],"_links":{"self":[{"href":"http:\/\/thinkingfadura.eus\/es\/wp-json\/wp\/v2\/posts\/110454"}],"collection":[{"href":"http:\/\/thinkingfadura.eus\/es\/wp-json\/wp\/v2\/posts"}],"about":[{"href":"http:\/\/thinkingfadura.eus\/es\/wp-json\/wp\/v2\/types\/post"}],"author":[{"embeddable":true,"href":"http:\/\/thinkingfadura.eus\/es\/wp-json\/wp\/v2\/users\/2"}],"replies":[{"embeddable":true,"href":"http:\/\/thinkingfadura.eus\/es\/wp-json\/wp\/v2\/comments?post=110454"}],"version-history":[{"count":0,"href":"http:\/\/thinkingfadura.eus\/es\/wp-json\/wp\/v2\/posts\/110454\/revisions"}],"wp:featuredmedia":[{"embeddable":true,"href":"http:\/\/thinkingfadura.eus\/es\/wp-json\/wp\/v2\/media\/110516"}],"wp:attachment":[{"href":"http:\/\/thinkingfadura.eus\/es\/wp-json\/wp\/v2\/media?parent=110454"}],"wp:term":[{"taxonomy":"category","embeddable":true,"href":"http:\/\/thinkingfadura.eus\/es\/wp-json\/wp\/v2\/categories?post=110454"},{"taxonomy":"post_tag","embeddable":true,"href":"http:\/\/thinkingfadura.eus\/es\/wp-json\/wp\/v2\/tags?post=110454"}],"curies":[{"name":"wp","href":"https:\/\/api.w.org\/{rel}","templated":true}]}}